{"id":26686,"date":"2026-04-28T23:02:11","date_gmt":"2026-04-29T03:02:11","guid":{"rendered":"https:\/\/www.talca.cl\/?p=26686"},"modified":"2026-04-28T23:02:11","modified_gmt":"2026-04-29T03:02:11","slug":"cuenta-publica-2025-de-la-municipalidad-de-talca-destaco-el-avance-de-la-ciudad-y-el-apoyo-social-a-las-familias","status":"publish","type":"post","link":"https:\/\/www.talca.cl\/?p=26686","title":{"rendered":"Cuenta P\u00fablica 2025 de la Municipalidad de Talca destac\u00f3 el avance de la ciudad y el apoyo social a las familias"},"content":{"rendered":"\n<p>Con un Teatro Regional del Maule completamente lleno, la Municipalidad de Talca realiz\u00f3 la Cuenta P\u00fablica de la Gesti\u00f3n 2025, instancia encabezada por el alcalde Juan Carlos D\u00edaz Avenda\u00f1o y el Concejo Municipal, donde se expuso el trabajo realizado durante el \u00faltimo a\u00f1o para seguir impulsando el desarrollo de la comuna. Durante la jornada se dio a conocer el avance de la ciudad en distintas \u00e1reas, con especial \u00e9nfasis en el apoyo social a las familias, la recuperaci\u00f3n de espacios, el fortalecimiento de la salud y la seguridad, adem\u00e1s de la ejecuci\u00f3n de proyectos que contin\u00faan mejorando la calidad de vida de vecinos y vecinas.<\/p>\n\n\n\n<p>El alcalde de Talca, Juan Carlos D\u00edaz Avenda\u00f1o, destac\u00f3 que \u201cesta Cuenta P\u00fablica mostr\u00f3 los ejes principales y de las acciones que realizamos durante el a\u00f1o 2025. Fue un a\u00f1o muy productivo, donde hemos avanzado en la recuperaci\u00f3n del casco hist\u00f3rico, en salud municipal y en proyectos que impulsan el desarrollo de Talca. Tambi\u00e9n vivimos hitos importantes como haber sido sede del Mundial FIFA Sub-20, que fortaleci\u00f3 nuestra imagen ciudad y nos permiti\u00f3 mostrarnos al mundo. Tenemos que seguir avanzando, trabajando mancomunadamente, porque ac\u00e1 no sobra nadie y todos los esfuerzos son necesarios\u201d.<\/p>\n\n\n\n<p>Durante la presentaci\u00f3n se abordaron los principales avances de la ciudad a trav\u00e9s de la gesti\u00f3n municipal, con foco en la consolidaci\u00f3n de una administraci\u00f3n moderna y transparente; el fortalecimiento de la salud comunal y la educaci\u00f3n municipal; el impulso a programas sociales para mujeres, personas mayores, j\u00f3venes, infancia y familias; adem\u00e1s del desarrollo cultural, deportivo y comunitario. Junto a ello, se destacaron importantes iniciativas en materia de seguridad p\u00fablica, recuperaci\u00f3n de espacios, mejoramiento urbano, movilidad sostenible, medioambiente, desarrollo econ\u00f3mico local y la recuperaci\u00f3n del patrimonio del casco hist\u00f3rico, proyectando una ciudad m\u00e1s ordenada, segura y con mejor calidad de vida para sus habitantes.<\/p>\n\n\n\n<p>\u201cEsta Cuenta P\u00fablica tambi\u00e9n plante\u00f3 muchos desaf\u00edos para la ciudad de Talca. Hoy d\u00eda tenemos que salir s\u00ed o s\u00ed a buscar recursos para obras emblem\u00e1ticas como el Mercado Central y las Escuelas Concentradas\u201d; se\u00f1al\u00f3 el concejal Patricio Mena. Por su parte, la concejala Paula Retamal indic\u00f3: \u201casumimos (junto a los concejales Melania Moya y Rodrigo Poblete) el rol de oposici\u00f3n en esta Cuenta P\u00fablica, en el sentido de que, si bien es un \u00e1mbito de participaci\u00f3n ciudadana, de transparencia y un ejercicio democr\u00e1tico, tanto para el Concejo Municipal como para la ciudadan\u00eda, nosotros estamos expectantes. Hemos recibido el informe reci\u00e9n hoy y, al igual que la ciudadan\u00eda, vamos a revisarlo con atenci\u00f3n\u201d.<\/p>\n\n\n\n<p>En tanto, la concejala Melania Moya destac\u00f3: \u201cMe gust\u00f3 mucho que recalcara y subrayara la defensa de la educaci\u00f3n y de las Escuelas Concentradas\u201d. Asimismo, el concejal Marcelo Rojas afirm\u00f3: \u201cHoy d\u00eda la Cuenta P\u00fablica fue clara: estamos haciendo las cosas bien\u201d. El concejal Mauricio Zeballos se\u00f1al\u00f3: \u201cEstamos trabajando tambi\u00e9n por el \u00e1rea de seguridad, que yo creo que es una de las principales preocupaciones de muchos talquinos\u201d. Mientras que el concejal Cristofer Moller manifest\u00f3: \u201cEse es el camino: trabajar en conjunto para poder ir logrando cosas\u201d. Finalmente, el concejal Rodrigo Poblete valor\u00f3: \u201cEste espacio de informaci\u00f3n y de transparencia con la comunidad\u201d.<\/p>\n\n\n\n<p>La Cuenta P\u00fablica 2025 reflej\u00f3 el trabajo sostenido de la Municipalidad de Talca por seguir construyendo una comuna con m\u00e1s oportunidades, mayor desarrollo y mejor calidad de vida para sus vecinos y vecinas. Con una mirada humana, cercana y enfocada en el progreso, la gesti\u00f3n municipal reafirm\u00f3 su compromiso de continuar impulsando proyectos, fortaleciendo servicios y avanzando junto a la comunidad en los desaf\u00edos que vienen para la capital regional del Maule.<\/p>\n\n\n\n<p>Finalmente, la Cuenta P\u00fablica 2025 ya est\u00e1 disponible en <a href=\"http:\/\/www.talca.cl\">www.talca.cl<\/a> para toda la comunidad.<\/p>\n","protected":false},"excerpt":{"rendered":"<p>Con un Teatro Regional del Maule completamente lleno, la Municipalidad de Talca realiz\u00f3 la Cuenta P\u00fablica de la Gesti\u00f3n 2025, instancia encabezada por el alcalde Juan Carlos D\u00edaz Avenda\u00f1o y el Concejo Municipal, donde se expuso el trabajo realizado durante el \u00faltimo a\u00f1o para seguir impulsando el desarrollo de la comuna. Durante la jornada se [&hellip;]<\/p>\n","protected":false},"author":1,"featured_media":26687,"comment_status":"closed","ping_status":"closed","sticky":false,"template":"","format":"standard","meta":{"footnotes":""},"categories":[37,42,818,41,43,826,47,816,40,44,45,829,39],"tags":[],"class_list":{"0":"post-26686","1":"post","2":"type-post","3":"status-publish","4":"format-standard","5":"has-post-thumbnail","7":"category-cultura-recreacion","8":"category-deportes","9":"category-desarrollo-economico","10":"category-desarrollo-social","11":"category-educacion","12":"category-fifasub20","13":"category-medio-ambiente","14":"category-participacion","15":"category-proyectos","16":"category-salud","17":"category-seguridad","18":"category-transito","19":"category-turismo"},"yoast_head":"<!-- This site is optimized with the Yoast SEO plugin v27.3 - https:\/\/yoast.com\/product\/yoast-seo-wordpress\/ -->\n<title>Cuenta P\u00fablica 2025 de la Municipalidad de Talca destac\u00f3 el avance de la ciudad y el apoyo social a las familias - Ilustre Municipalidad de Talca<\/title>\n<meta name=\"robots\" content=\"index, follow, max-snippet:-1, max-image-preview:large, max-video-preview:-1\" \/>\n<link rel=\"canonical\" href=\"https:\/\/www.talca.cl\/?p=26686\" \/>\n<meta property=\"og:locale\" content=\"es_ES\" \/>\n<meta property=\"og:type\" content=\"article\" \/>\n<meta property=\"og:title\" content=\"Cuenta P\u00fablica 2025 de la Municipalidad de Talca destac\u00f3 el avance de la ciudad y el apoyo social a las familias - Ilustre Municipalidad de Talca\" \/>\n<meta property=\"og:description\" content=\"Con un Teatro Regional del Maule completamente lleno, la Municipalidad de Talca realiz\u00f3 la Cuenta P\u00fablica de la Gesti\u00f3n 2025, instancia encabezada por el alcalde Juan Carlos D\u00edaz Avenda\u00f1o y el Concejo Municipal, donde se expuso el trabajo realizado durante el \u00faltimo a\u00f1o para seguir impulsando el desarrollo de la comuna. Durante la jornada se [&hellip;]\" \/>\n<meta property=\"og:url\" content=\"https:\/\/www.talca.cl\/?p=26686\" \/>\n<meta property=\"og:site_name\" content=\"Ilustre Municipalidad de Talca\" \/>\n<meta property=\"article:published_time\" content=\"2026-04-29T03:02:11+00:00\" \/>\n<meta name=\"author\" content=\"munidetalca\" \/>\n<meta name=\"twitter:card\" content=\"summary_large_image\" \/>\n<meta name=\"twitter:label1\" content=\"Written by\" \/>\n\t<meta name=\"twitter:data1\" content=\"munidetalca\" \/>\n\t<meta name=\"twitter:label2\" content=\"Est. reading time\" \/>\n\t<meta name=\"twitter:data2\" content=\"3 minutos\" \/>\n<script type=\"application\/ld+json\" class=\"yoast-schema-graph\">{\"@context\":\"https:\\\/\\\/schema.org\",\"@graph\":[{\"@type\":\"Article\",\"@id\":\"https:\\\/\\\/www.talca.cl\\\/?p=26686#article\",\"isPartOf\":{\"@id\":\"https:\\\/\\\/www.talca.cl\\\/?p=26686\"},\"author\":{\"name\":\"munidetalca\",\"@id\":\"https:\\\/\\\/www.talca.cl\\\/#\\\/schema\\\/person\\\/c31d9ea7abe204b22755e0a56740ff00\"},\"headline\":\"Cuenta P\u00fablica 2025 de la Municipalidad de Talca destac\u00f3 el avance de la ciudad y el apoyo social a las familias\",\"datePublished\":\"2026-04-29T03:02:11+00:00\",\"mainEntityOfPage\":{\"@id\":\"https:\\\/\\\/www.talca.cl\\\/?p=26686\"},\"wordCount\":679,\"image\":{\"@id\":\"https:\\\/\\\/www.talca.cl\\\/?p=26686#primaryimage\"},\"thumbnailUrl\":\"https:\\\/\\\/www.talca.cl\\\/wp-content\\\/uploads\\\/2026\\\/04\\\/WhatsApp-Image-2026-04-28-at-20.43.01-scaled.jpeg\",\"articleSection\":[\"Cultura\",\"Deportes\",\"Desarrollo Econ\u00f3mico\",\"Desarrollo Social\",\"Educaci\u00f3n\",\"FifaSub20\",\"Medio Ambiente\",\"Participaci\u00f3n\",\"Proyectos\",\"Salud\",\"Seguridad Municipal\",\"Tr\u00e1nsito\",\"Turismo\"],\"inLanguage\":\"es\"},{\"@type\":\"WebPage\",\"@id\":\"https:\\\/\\\/www.talca.cl\\\/?p=26686\",\"url\":\"https:\\\/\\\/www.talca.cl\\\/?p=26686\",\"name\":\"Cuenta P\u00fablica 2025 de la Municipalidad de Talca destac\u00f3 el avance de la ciudad y el apoyo social a las familias - Ilustre Municipalidad de Talca\",\"isPartOf\":{\"@id\":\"https:\\\/\\\/www.talca.cl\\\/#website\"},\"primaryImageOfPage\":{\"@id\":\"https:\\\/\\\/www.talca.cl\\\/?p=26686#primaryimage\"},\"image\":{\"@id\":\"https:\\\/\\\/www.talca.cl\\\/?p=26686#primaryimage\"},\"thumbnailUrl\":\"https:\\\/\\\/www.talca.cl\\\/wp-content\\\/uploads\\\/2026\\\/04\\\/WhatsApp-Image-2026-04-28-at-20.43.01-scaled.jpeg\",\"datePublished\":\"2026-04-29T03:02:11+00:00\",\"author\":{\"@id\":\"https:\\\/\\\/www.talca.cl\\\/#\\\/schema\\\/person\\\/c31d9ea7abe204b22755e0a56740ff00\"},\"breadcrumb\":{\"@id\":\"https:\\\/\\\/www.talca.cl\\\/?p=26686#breadcrumb\"},\"inLanguage\":\"es\",\"potentialAction\":[{\"@type\":\"ReadAction\",\"target\":[\"https:\\\/\\\/www.talca.cl\\\/?p=26686\"]}]},{\"@type\":\"ImageObject\",\"inLanguage\":\"es\",\"@id\":\"https:\\\/\\\/www.talca.cl\\\/?p=26686#primaryimage\",\"url\":\"https:\\\/\\\/www.talca.cl\\\/wp-content\\\/uploads\\\/2026\\\/04\\\/WhatsApp-Image-2026-04-28-at-20.43.01-scaled.jpeg\",\"contentUrl\":\"https:\\\/\\\/www.talca.cl\\\/wp-content\\\/uploads\\\/2026\\\/04\\\/WhatsApp-Image-2026-04-28-at-20.43.01-scaled.jpeg\",\"width\":2560,\"height\":1707},{\"@type\":\"BreadcrumbList\",\"@id\":\"https:\\\/\\\/www.talca.cl\\\/?p=26686#breadcrumb\",\"itemListElement\":[{\"@type\":\"ListItem\",\"position\":1,\"name\":\"Home\",\"item\":\"https:\\\/\\\/www.talca.cl\\\/\"},{\"@type\":\"ListItem\",\"position\":2,\"name\":\"Cuenta P\u00fablica 2025 de la Municipalidad de Talca destac\u00f3 el avance de la ciudad y el apoyo social a las familias\"}]},{\"@type\":\"WebSite\",\"@id\":\"https:\\\/\\\/www.talca.cl\\\/#website\",\"url\":\"https:\\\/\\\/www.talca.cl\\\/\",\"name\":\"Ilustre Municipalidad de Talca\",\"description\":\"Ilustre Municipalidad de Talca, Talca, Municipalidad, 7\u00aa regi\u00f3n,  septima region, juan carlos diaz, jcd, avenda\u00f1o, piduco, maule,  talca chile\",\"potentialAction\":[{\"@type\":\"SearchAction\",\"target\":{\"@type\":\"EntryPoint\",\"urlTemplate\":\"https:\\\/\\\/www.talca.cl\\\/?s={search_term_string}\"},\"query-input\":{\"@type\":\"PropertyValueSpecification\",\"valueRequired\":true,\"valueName\":\"search_term_string\"}}],\"inLanguage\":\"es\"},{\"@type\":\"Person\",\"@id\":\"https:\\\/\\\/www.talca.cl\\\/#\\\/schema\\\/person\\\/c31d9ea7abe204b22755e0a56740ff00\",\"name\":\"munidetalca\",\"image\":{\"@type\":\"ImageObject\",\"inLanguage\":\"es\",\"@id\":\"https:\\\/\\\/secure.gravatar.com\\\/avatar\\\/608c8c432682469502916a926ca2f23c2de4f57b0e37b22cd0f6a4820efdedf6?s=96&d=mm&r=g\",\"url\":\"https:\\\/\\\/secure.gravatar.com\\\/avatar\\\/608c8c432682469502916a926ca2f23c2de4f57b0e37b22cd0f6a4820efdedf6?s=96&d=mm&r=g\",\"contentUrl\":\"https:\\\/\\\/secure.gravatar.com\\\/avatar\\\/608c8c432682469502916a926ca2f23c2de4f57b0e37b22cd0f6a4820efdedf6?s=96&d=mm&r=g\",\"caption\":\"munidetalca\"},\"url\":\"https:\\\/\\\/www.talca.cl\\\/?author=1\"}]}<\/script>\n<!-- \/ Yoast SEO plugin. -->","yoast_head_json":{"title":"Cuenta P\u00fablica 2025 de la Municipalidad de Talca destac\u00f3 el avance de la ciudad y el apoyo social a las familias - Ilustre Municipalidad de Talca","robots":{"index":"index","follow":"follow","max-snippet":"max-snippet:-1","max-image-preview":"max-image-preview:large","max-video-preview":"max-video-preview:-1"},"canonical":"https:\/\/www.talca.cl\/?p=26686","og_locale":"es_ES","og_type":"article","og_title":"Cuenta P\u00fablica 2025 de la Municipalidad de Talca destac\u00f3 el avance de la ciudad y el apoyo social a las familias - Ilustre Municipalidad de Talca","og_description":"Con un Teatro Regional del Maule completamente lleno, la Municipalidad de Talca realiz\u00f3 la Cuenta P\u00fablica de la Gesti\u00f3n 2025, instancia encabezada por el alcalde Juan Carlos D\u00edaz Avenda\u00f1o y el Concejo Municipal, donde se expuso el trabajo realizado durante el \u00faltimo a\u00f1o para seguir impulsando el desarrollo de la comuna. Durante la jornada se [&hellip;]","og_url":"https:\/\/www.talca.cl\/?p=26686","og_site_name":"Ilustre Municipalidad de Talca","article_published_time":"2026-04-29T03:02:11+00:00","author":"munidetalca","twitter_card":"summary_large_image","twitter_misc":{"Written by":"munidetalca","Est. reading time":"3 minutos"},"schema":{"@context":"https:\/\/schema.org","@graph":[{"@type":"Article","@id":"https:\/\/www.talca.cl\/?p=26686#article","isPartOf":{"@id":"https:\/\/www.talca.cl\/?p=26686"},"author":{"name":"munidetalca","@id":"https:\/\/www.talca.cl\/#\/schema\/person\/c31d9ea7abe204b22755e0a56740ff00"},"headline":"Cuenta P\u00fablica 2025 de la Municipalidad de Talca destac\u00f3 el avance de la ciudad y el apoyo social a las familias","datePublished":"2026-04-29T03:02:11+00:00","mainEntityOfPage":{"@id":"https:\/\/www.talca.cl\/?p=26686"},"wordCount":679,"image":{"@id":"https:\/\/www.talca.cl\/?p=26686#primaryimage"},"thumbnailUrl":"https:\/\/www.talca.cl\/wp-content\/uploads\/2026\/04\/WhatsApp-Image-2026-04-28-at-20.43.01-scaled.jpeg","articleSection":["Cultura","Deportes","Desarrollo Econ\u00f3mico","Desarrollo Social","Educaci\u00f3n","FifaSub20","Medio Ambiente","Participaci\u00f3n","Proyectos","Salud","Seguridad Municipal","Tr\u00e1nsito","Turismo"],"inLanguage":"es"},{"@type":"WebPage","@id":"https:\/\/www.talca.cl\/?p=26686","url":"https:\/\/www.talca.cl\/?p=26686","name":"Cuenta P\u00fablica 2025 de la Municipalidad de Talca destac\u00f3 el avance de la ciudad y el apoyo social a las familias - Ilustre Municipalidad de Talca","isPartOf":{"@id":"https:\/\/www.talca.cl\/#website"},"primaryImageOfPage":{"@id":"https:\/\/www.talca.cl\/?p=26686#primaryimage"},"image":{"@id":"https:\/\/www.talca.cl\/?p=26686#primaryimage"},"thumbnailUrl":"https:\/\/www.talca.cl\/wp-content\/uploads\/2026\/04\/WhatsApp-Image-2026-04-28-at-20.43.01-scaled.jpeg","datePublished":"2026-04-29T03:02:11+00:00","author":{"@id":"https:\/\/www.talca.cl\/#\/schema\/person\/c31d9ea7abe204b22755e0a56740ff00"},"breadcrumb":{"@id":"https:\/\/www.talca.cl\/?p=26686#breadcrumb"},"inLanguage":"es","potentialAction":[{"@type":"ReadAction","target":["https:\/\/www.talca.cl\/?p=26686"]}]},{"@type":"ImageObject","inLanguage":"es","@id":"https:\/\/www.talca.cl\/?p=26686#primaryimage","url":"https:\/\/www.talca.cl\/wp-content\/uploads\/2026\/04\/WhatsApp-Image-2026-04-28-at-20.43.01-scaled.jpeg","contentUrl":"https:\/\/www.talca.cl\/wp-content\/uploads\/2026\/04\/WhatsApp-Image-2026-04-28-at-20.43.01-scaled.jpeg","width":2560,"height":1707},{"@type":"BreadcrumbList","@id":"https:\/\/www.talca.cl\/?p=26686#breadcrumb","itemListElement":[{"@type":"ListItem","position":1,"name":"Home","item":"https:\/\/www.talca.cl\/"},{"@type":"ListItem","position":2,"name":"Cuenta P\u00fablica 2025 de la Municipalidad de Talca destac\u00f3 el avance de la ciudad y el apoyo social a las familias"}]},{"@type":"WebSite","@id":"https:\/\/www.talca.cl\/#website","url":"https:\/\/www.talca.cl\/","name":"Ilustre Municipalidad de Talca","description":"Ilustre Municipalidad de Talca, Talca, Municipalidad, 7\u00aa regi\u00f3n,  septima region, juan carlos diaz, jcd, avenda\u00f1o, piduco, maule,  talca chile","potentialAction":[{"@type":"SearchAction","target":{"@type":"EntryPoint","urlTemplate":"https:\/\/www.talca.cl\/?s={search_term_string}"},"query-input":{"@type":"PropertyValueSpecification","valueRequired":true,"valueName":"search_term_string"}}],"inLanguage":"es"},{"@type":"Person","@id":"https:\/\/www.talca.cl\/#\/schema\/person\/c31d9ea7abe204b22755e0a56740ff00","name":"munidetalca","image":{"@type":"ImageObject","inLanguage":"es","@id":"https:\/\/secure.gravatar.com\/avatar\/608c8c432682469502916a926ca2f23c2de4f57b0e37b22cd0f6a4820efdedf6?s=96&d=mm&r=g","url":"https:\/\/secure.gravatar.com\/avatar\/608c8c432682469502916a926ca2f23c2de4f57b0e37b22cd0f6a4820efdedf6?s=96&d=mm&r=g","contentUrl":"https:\/\/secure.gravatar.com\/avatar\/608c8c432682469502916a926ca2f23c2de4f57b0e37b22cd0f6a4820efdedf6?s=96&d=mm&r=g","caption":"munidetalca"},"url":"https:\/\/www.talca.cl\/?author=1"}]}},"_links":{"self":[{"href":"https:\/\/www.talca.cl\/index.php?rest_route=\/wp\/v2\/posts\/26686","targetHints":{"allow":["GET"]}}],"collection":[{"href":"https:\/\/www.talca.cl\/index.php?rest_route=\/wp\/v2\/posts"}],"about":[{"href":"https:\/\/www.talca.cl\/index.php?rest_route=\/wp\/v2\/types\/post"}],"author":[{"embeddable":true,"href":"https:\/\/www.talca.cl\/index.php?rest_route=\/wp\/v2\/users\/1"}],"replies":[{"embeddable":true,"href":"https:\/\/www.talca.cl\/index.php?rest_route=%2Fwp%2Fv2%2Fcomments&post=26686"}],"version-history":[{"count":1,"href":"https:\/\/www.talca.cl\/index.php?rest_route=\/wp\/v2\/posts\/26686\/revisions"}],"predecessor-version":[{"id":26688,"href":"https:\/\/www.talca.cl\/index.php?rest_route=\/wp\/v2\/posts\/26686\/revisions\/26688"}],"wp:featuredmedia":[{"embeddable":true,"href":"https:\/\/www.talca.cl\/index.php?rest_route=\/wp\/v2\/media\/26687"}],"wp:attachment":[{"href":"https:\/\/www.talca.cl\/index.php?rest_route=%2Fwp%2Fv2%2Fmedia&parent=26686"}],"wp:term":[{"taxonomy":"category","embeddable":true,"href":"https:\/\/www.talca.cl\/index.php?rest_route=%2Fwp%2Fv2%2Fcategories&post=26686"},{"taxonomy":"post_tag","embeddable":true,"href":"https:\/\/www.talca.cl\/index.php?rest_route=%2Fwp%2Fv2%2Ftags&post=26686"}],"curies":[{"name":"wp","href":"https:\/\/api.w.org\/{rel}","templated":true}]}}