{"id":27031,"date":"2026-09-05T13:42:58","date_gmt":"2026-09-05T17:42:58","guid":{"rendered":"https:\/\/www.talca.cl\/?p=27031"},"modified":"2026-09-05T13:42:58","modified_gmt":"2026-09-05T17:42:58","slug":"municipalidad-de-talca-inicia-nueva-etapa-de-reforestacion-del-bosque-municipal-con-activa-participacion-de-la-comunidad","status":"publish","type":"post","link":"https:\/\/www.talca.cl\/?p=27031","title":{"rendered":"Municipalidad de Talca inicia nueva etapa de reforestaci\u00f3n del Bosque Municipal con activa participaci\u00f3n de la comunidad"},"content":{"rendered":"\n<p>Una nueva etapa en la recuperaci\u00f3n y conservaci\u00f3n del Bosque Municipal de Talca comenz\u00f3 este viernes con una jornada de reforestaci\u00f3n impulsada por la Municipalidad de Talca, la Organizaci\u00f3n de las Naciones Unidas para la Alimentaci\u00f3n y la Agricultura (FAO) y CONAF. <a><\/a><a>M\u00e1s de 70 voluntarios compuestos por distintas organizaciones sociales, estudiantes de escuelas municipales, vecinos y vecinas, adem\u00e1s de distintos funcionarios municipales, quienes participaron en la plantaci\u00f3n de especies nativas como huing\u00e1n, corcol\u00e9n y quillay, seleccionadas por su tolerancia al estr\u00e9s h\u00eddrico. La actividad, la cual comenz\u00f3 a primeras horas de la ma\u00f1ana, cont\u00f3 adem\u00e1s con la participaci\u00f3n de la directora de Planificaci\u00f3n de Talca, Mariana Fuentes, los concejales Cristofer Moller y Ximena Bernal, as\u00ed como tambi\u00e9n el Seremi de Agricultura, Alejandro Mu\u00f1oz y el director regional de Conaf, Miguel \u00c1ngel Mu\u00f1oz, quienes en conjunto dieron el vamos.<\/a><\/p>\n\n\n\n<p>Esta nueva etapa busca contribuir a la recuperaci\u00f3n y fortalecimiento de las \u00e1reas naturales de la comuna, pero tambi\u00e9n fomentar el compromiso de las juventudes y de toda la comunidad con el cuidado del medioambiente, sensibilizando a quienes participan sobre la importancia de la reforestaci\u00f3n y la conservaci\u00f3n de los ecosistemas.<\/p>\n\n\n\n<p>La iniciativa se suma a las distintas acciones que desarrolla permanentemente la Municipalidad de Talca para avanzar hacia una ciudad m\u00e1s sostenible, a trav\u00e9s del reciclaje, la creaci\u00f3n y recuperaci\u00f3n de \u00e1reas verdes, el desarrollo de parques y el cuidado de los espacios naturales. \u201cNosotros nos hemos declarado, por lo que el alcalde Juan Carlos D\u00edaz nos ha promovido, como uno de sus ejes estrat\u00e9gicos, como una ciudad sostenible. Y la ciudad sostenible significa que tenemos que serlo tanto en el \u00e1mbito medioambiental como en el \u00e1mbito econ\u00f3mico y social. Por eso esta actividad es muy importante para nosotros, porque queremos recuperar este pulm\u00f3n verde que tenemos al lado de la ciudad, incluso adentro de la ciudad, y que mucha gente no lo conoce\u201d, destac\u00f3 Mariana Fuentes.<\/p>\n\n\n\n<p>La jornada permiti\u00f3, adem\u00e1s, fortalecer el trabajo colaborativo entre la Municipalidad de Talca, FAO y CONAF, sumando a la comunidad a una tarea que requiere compromiso y continuidad en el tiempo. C\u00e9sar Sep\u00falveda, especialista t\u00e9cnico de la FAO, destac\u00f3 precisamente la importancia de involucrar a las personas desde temprana edad: \u201cB\u00e1sicamente porque estas iniciativas tienen que estar empoderadas por la comunidad. Y uno de los mejores ejemplos para hacer el empoderamiento de la ciudadan\u00eda es que las personas realicen plantaciones. Porque est\u00e1 demostrado, y as\u00ed lo indica la evidencia, que cuando hay compromiso por parte de las personas haciendo acciones, son m\u00e1s empoderadas y, por lo tanto, cuidan el medioambiente\u201d.<\/p>\n\n\n\n<p>La participaci\u00f3n de voluntarios de diferentes edades y lugares dio un sentido especialmente humano a esta nueva etapa, transformando la recuperaci\u00f3n del bosque en una tarea compartida y con una mirada puesta en las futuras generaciones. As\u00ed lo expres\u00f3 Tom\u00e1s Candalaft, vecino del centro de Talca: \u201cEn realidad, ha sido una experiencia s\u00faper bonita, el hecho de poder sentir que estamos haciendo algo que trasciende solamente nuestro a\u00f1o aqu\u00ed. Lo que est\u00e1 haciendo la Municipalidad, en conjunto con estas otras organizaciones, como lo de CENEU, los diferentes colegios que participaron, es un esfuerzo comunitario muy bonito para poder recuperar todo lo que se perdi\u00f3 con los incendios de los a\u00f1os pasados. Entonces, yo encuentro que es algo fant\u00e1stico pensar que tal vez mi hijo, mis nietos, van a ver los frutos de todo lo que estamos haciendo hoy. Es algo que trasciende y eso lo encuentro muy bonito\u201d.<\/p>\n","protected":false},"excerpt":{"rendered":"<p>Una nueva etapa en la recuperaci\u00f3n y conservaci\u00f3n del Bosque Municipal de Talca comenz\u00f3 este viernes con una jornada de reforestaci\u00f3n impulsada por la Municipalidad de Talca, la Organizaci\u00f3n de las Naciones Unidas para la Alimentaci\u00f3n y la Agricultura (FAO) y CONAF. M\u00e1s de 70 voluntarios compuestos por distintas organizaciones sociales, estudiantes de escuelas municipales, [&hellip;]<\/p>\n","protected":false},"author":1,"featured_media":27032,"comment_status":"closed","ping_status":"closed","sticky":false,"template":"","format":"standard","meta":{"footnotes":""},"categories":[37,41,43,47,816,39],"tags":[],"class_list":{"0":"post-27031","1":"post","2":"type-post","3":"status-publish","4":"format-standard","5":"has-post-thumbnail","7":"category-cultura-recreacion","8":"category-desarrollo-social","9":"category-educacion","10":"category-medio-ambiente","11":"category-participacion","12":"category-turismo"},"yoast_head":"<!-- This site is optimized with the Yoast SEO plugin v28.3 - https:\/\/yoast.com\/product\/yoast-seo-wordpress\/ -->\n<title>Municipalidad de Talca inicia nueva etapa de reforestaci\u00f3n del Bosque Municipal con activa participaci\u00f3n de la comunidad - Ilustre Municipalidad de Talca<\/title>\n<meta name=\"robots\" content=\"index, follow, max-snippet:-1, max-image-preview:large, max-video-preview:-1\" \/>\n<link rel=\"canonical\" href=\"https:\/\/www.talca.cl\/?p=27031\" \/>\n<meta property=\"og:locale\" content=\"es_ES\" \/>\n<meta property=\"og:type\" content=\"article\" \/>\n<meta property=\"og:title\" content=\"Municipalidad de Talca inicia nueva etapa de reforestaci\u00f3n del Bosque Municipal con activa participaci\u00f3n de la comunidad - Ilustre Municipalidad de Talca\" \/>\n<meta property=\"og:description\" content=\"Una nueva etapa en la recuperaci\u00f3n y conservaci\u00f3n del Bosque Municipal de Talca comenz\u00f3 este viernes con una jornada de reforestaci\u00f3n impulsada por la Municipalidad de Talca, la Organizaci\u00f3n de las Naciones Unidas para la Alimentaci\u00f3n y la Agricultura (FAO) y CONAF. M\u00e1s de 70 voluntarios compuestos por distintas organizaciones sociales, estudiantes de escuelas municipales, [&hellip;]\" \/>\n<meta property=\"og:url\" content=\"https:\/\/www.talca.cl\/?p=27031\" \/>\n<meta property=\"og:site_name\" content=\"Ilustre Municipalidad de Talca\" \/>\n<meta property=\"article:published_time\" content=\"2026-09-05T17:42:58+00:00\" \/>\n<meta name=\"author\" content=\"munidetalca\" \/>\n<meta name=\"twitter:card\" content=\"summary_large_image\" \/>\n<meta name=\"twitter:label1\" content=\"Written by\" \/>\n\t<meta name=\"twitter:data1\" content=\"munidetalca\" \/>\n\t<meta name=\"twitter:label2\" content=\"Est. reading time\" \/>\n\t<meta name=\"twitter:data2\" content=\"3 minutos\" \/>\n<script type=\"application\/ld+json\" class=\"yoast-schema-graph\">{\"@context\":\"https:\\\/\\\/schema.org\",\"@graph\":[{\"@type\":\"Article\",\"@id\":\"https:\\\/\\\/www.talca.cl\\\/?p=27031#article\",\"isPartOf\":{\"@id\":\"https:\\\/\\\/www.talca.cl\\\/?p=27031\"},\"author\":{\"name\":\"munidetalca\",\"@id\":\"https:\\\/\\\/www.talca.cl\\\/#\\\/schema\\\/person\\\/c31d9ea7abe204b22755e0a56740ff00\"},\"headline\":\"Municipalidad de Talca inicia nueva etapa de reforestaci\u00f3n del Bosque Municipal con activa participaci\u00f3n de la comunidad\",\"datePublished\":\"2026-09-05T17:42:58+00:00\",\"mainEntityOfPage\":{\"@id\":\"https:\\\/\\\/www.talca.cl\\\/?p=27031\"},\"wordCount\":638,\"image\":{\"@id\":\"https:\\\/\\\/www.talca.cl\\\/?p=27031#primaryimage\"},\"thumbnailUrl\":\"https:\\\/\\\/www.talca.cl\\\/wp-content\\\/uploads\\\/2026\\\/09\\\/WhatsApp-Image-2026-09-05-at-12.01.47.jpeg\",\"articleSection\":[\"Cultura\",\"Desarrollo Social\",\"Educaci\u00f3n\",\"Medio Ambiente\",\"Participaci\u00f3n\",\"Turismo\"],\"inLanguage\":\"es\"},{\"@type\":\"WebPage\",\"@id\":\"https:\\\/\\\/www.talca.cl\\\/?p=27031\",\"url\":\"https:\\\/\\\/www.talca.cl\\\/?p=27031\",\"name\":\"Municipalidad de Talca inicia nueva etapa de reforestaci\u00f3n del Bosque Municipal con activa participaci\u00f3n de la comunidad - Ilustre Municipalidad de Talca\",\"isPartOf\":{\"@id\":\"https:\\\/\\\/www.talca.cl\\\/#website\"},\"primaryImageOfPage\":{\"@id\":\"https:\\\/\\\/www.talca.cl\\\/?p=27031#primaryimage\"},\"image\":{\"@id\":\"https:\\\/\\\/www.talca.cl\\\/?p=27031#primaryimage\"},\"thumbnailUrl\":\"https:\\\/\\\/www.talca.cl\\\/wp-content\\\/uploads\\\/2026\\\/09\\\/WhatsApp-Image-2026-09-05-at-12.01.47.jpeg\",\"datePublished\":\"2026-09-05T17:42:58+00:00\",\"author\":{\"@id\":\"https:\\\/\\\/www.talca.cl\\\/#\\\/schema\\\/person\\\/c31d9ea7abe204b22755e0a56740ff00\"},\"breadcrumb\":{\"@id\":\"https:\\\/\\\/www.talca.cl\\\/?p=27031#breadcrumb\"},\"inLanguage\":\"es\",\"potentialAction\":[{\"@type\":\"ReadAction\",\"target\":[\"https:\\\/\\\/www.talca.cl\\\/?p=27031\"]}]},{\"@type\":\"ImageObject\",\"inLanguage\":\"es\",\"@id\":\"https:\\\/\\\/www.talca.cl\\\/?p=27031#primaryimage\",\"url\":\"https:\\\/\\\/www.talca.cl\\\/wp-content\\\/uploads\\\/2026\\\/09\\\/WhatsApp-Image-2026-09-05-at-12.01.47.jpeg\",\"contentUrl\":\"https:\\\/\\\/www.talca.cl\\\/wp-content\\\/uploads\\\/2026\\\/09\\\/WhatsApp-Image-2026-09-05-at-12.01.47.jpeg\",\"width\":1280,\"height\":853},{\"@type\":\"BreadcrumbList\",\"@id\":\"https:\\\/\\\/www.talca.cl\\\/?p=27031#breadcrumb\",\"itemListElement\":[{\"@type\":\"ListItem\",\"position\":1,\"name\":\"Home\",\"item\":\"https:\\\/\\\/www.talca.cl\\\/\"},{\"@type\":\"ListItem\",\"position\":2,\"name\":\"Municipalidad de Talca inicia nueva etapa de reforestaci\u00f3n del Bosque Municipal con activa participaci\u00f3n de la comunidad\"}]},{\"@type\":\"WebSite\",\"@id\":\"https:\\\/\\\/www.talca.cl\\\/#website\",\"url\":\"https:\\\/\\\/www.talca.cl\\\/\",\"name\":\"Ilustre Municipalidad de Talca\",\"description\":\"Ilustre Municipalidad de Talca, Talca, Municipalidad, 7\u00aa regi\u00f3n,  septima region, juan carlos diaz, jcd, avenda\u00f1o, piduco, maule,  talca chile\",\"potentialAction\":[{\"@type\":\"SearchAction\",\"target\":{\"@type\":\"EntryPoint\",\"urlTemplate\":\"https:\\\/\\\/www.talca.cl\\\/?s={search_term_string}\"},\"query-input\":{\"@type\":\"PropertyValueSpecification\",\"valueRequired\":true,\"valueName\":\"search_term_string\"}}],\"inLanguage\":\"es\"},{\"@type\":\"Person\",\"@id\":\"https:\\\/\\\/www.talca.cl\\\/#\\\/schema\\\/person\\\/c31d9ea7abe204b22755e0a56740ff00\",\"name\":\"munidetalca\",\"image\":{\"@type\":\"ImageObject\",\"inLanguage\":\"es\",\"@id\":\"https:\\\/\\\/secure.gravatar.com\\\/avatar\\\/608c8c432682469502916a926ca2f23c2de4f57b0e37b22cd0f6a4820efdedf6?s=96&d=mm&r=g\",\"url\":\"https:\\\/\\\/secure.gravatar.com\\\/avatar\\\/608c8c432682469502916a926ca2f23c2de4f57b0e37b22cd0f6a4820efdedf6?s=96&d=mm&r=g\",\"contentUrl\":\"https:\\\/\\\/secure.gravatar.com\\\/avatar\\\/608c8c432682469502916a926ca2f23c2de4f57b0e37b22cd0f6a4820efdedf6?s=96&d=mm&r=g\",\"caption\":\"munidetalca\"},\"url\":\"https:\\\/\\\/www.talca.cl\\\/?author=1\"}]}<\/script>\n<!-- \/ Yoast SEO plugin. -->","yoast_head_json":{"title":"Municipalidad de Talca inicia nueva etapa de reforestaci\u00f3n del Bosque Municipal con activa participaci\u00f3n de la comunidad - Ilustre Municipalidad de Talca","robots":{"index":"index","follow":"follow","max-snippet":"max-snippet:-1","max-image-preview":"max-image-preview:large","max-video-preview":"max-video-preview:-1"},"canonical":"https:\/\/www.talca.cl\/?p=27031","og_locale":"es_ES","og_type":"article","og_title":"Municipalidad de Talca inicia nueva etapa de reforestaci\u00f3n del Bosque Municipal con activa participaci\u00f3n de la comunidad - Ilustre Municipalidad de Talca","og_description":"Una nueva etapa en la recuperaci\u00f3n y conservaci\u00f3n del Bosque Municipal de Talca comenz\u00f3 este viernes con una jornada de reforestaci\u00f3n impulsada por la Municipalidad de Talca, la Organizaci\u00f3n de las Naciones Unidas para la Alimentaci\u00f3n y la Agricultura (FAO) y CONAF. M\u00e1s de 70 voluntarios compuestos por distintas organizaciones sociales, estudiantes de escuelas municipales, [&hellip;]","og_url":"https:\/\/www.talca.cl\/?p=27031","og_site_name":"Ilustre Municipalidad de Talca","article_published_time":"2026-09-05T17:42:58+00:00","author":"munidetalca","twitter_card":"summary_large_image","twitter_misc":{"Written by":"munidetalca","Est. reading time":"3 minutos"},"schema":{"@context":"https:\/\/schema.org","@graph":[{"@type":"Article","@id":"https:\/\/www.talca.cl\/?p=27031#article","isPartOf":{"@id":"https:\/\/www.talca.cl\/?p=27031"},"author":{"name":"munidetalca","@id":"https:\/\/www.talca.cl\/#\/schema\/person\/c31d9ea7abe204b22755e0a56740ff00"},"headline":"Municipalidad de Talca inicia nueva etapa de reforestaci\u00f3n del Bosque Municipal con activa participaci\u00f3n de la comunidad","datePublished":"2026-09-05T17:42:58+00:00","mainEntityOfPage":{"@id":"https:\/\/www.talca.cl\/?p=27031"},"wordCount":638,"image":{"@id":"https:\/\/www.talca.cl\/?p=27031#primaryimage"},"thumbnailUrl":"https:\/\/www.talca.cl\/wp-content\/uploads\/2026\/09\/WhatsApp-Image-2026-09-05-at-12.01.47.jpeg","articleSection":["Cultura","Desarrollo Social","Educaci\u00f3n","Medio Ambiente","Participaci\u00f3n","Turismo"],"inLanguage":"es"},{"@type":"WebPage","@id":"https:\/\/www.talca.cl\/?p=27031","url":"https:\/\/www.talca.cl\/?p=27031","name":"Municipalidad de Talca inicia nueva etapa de reforestaci\u00f3n del Bosque Municipal con activa participaci\u00f3n de la comunidad - Ilustre Municipalidad de Talca","isPartOf":{"@id":"https:\/\/www.talca.cl\/#website"},"primaryImageOfPage":{"@id":"https:\/\/www.talca.cl\/?p=27031#primaryimage"},"image":{"@id":"https:\/\/www.talca.cl\/?p=27031#primaryimage"},"thumbnailUrl":"https:\/\/www.talca.cl\/wp-content\/uploads\/2026\/09\/WhatsApp-Image-2026-09-05-at-12.01.47.jpeg","datePublished":"2026-09-05T17:42:58+00:00","author":{"@id":"https:\/\/www.talca.cl\/#\/schema\/person\/c31d9ea7abe204b22755e0a56740ff00"},"breadcrumb":{"@id":"https:\/\/www.talca.cl\/?p=27031#breadcrumb"},"inLanguage":"es","potentialAction":[{"@type":"ReadAction","target":["https:\/\/www.talca.cl\/?p=27031"]}]},{"@type":"ImageObject","inLanguage":"es","@id":"https:\/\/www.talca.cl\/?p=27031#primaryimage","url":"https:\/\/www.talca.cl\/wp-content\/uploads\/2026\/09\/WhatsApp-Image-2026-09-05-at-12.01.47.jpeg","contentUrl":"https:\/\/www.talca.cl\/wp-content\/uploads\/2026\/09\/WhatsApp-Image-2026-09-05-at-12.01.47.jpeg","width":1280,"height":853},{"@type":"BreadcrumbList","@id":"https:\/\/www.talca.cl\/?p=27031#breadcrumb","itemListElement":[{"@type":"ListItem","position":1,"name":"Home","item":"https:\/\/www.talca.cl\/"},{"@type":"ListItem","position":2,"name":"Municipalidad de Talca inicia nueva etapa de reforestaci\u00f3n del Bosque Municipal con activa participaci\u00f3n de la comunidad"}]},{"@type":"WebSite","@id":"https:\/\/www.talca.cl\/#website","url":"https:\/\/www.talca.cl\/","name":"Ilustre Municipalidad de Talca","description":"Ilustre Municipalidad de Talca, Talca, Municipalidad, 7\u00aa regi\u00f3n,  septima region, juan carlos diaz, jcd, avenda\u00f1o, piduco, maule,  talca chile","potentialAction":[{"@type":"SearchAction","target":{"@type":"EntryPoint","urlTemplate":"https:\/\/www.talca.cl\/?s={search_term_string}"},"query-input":{"@type":"PropertyValueSpecification","valueRequired":true,"valueName":"search_term_string"}}],"inLanguage":"es"},{"@type":"Person","@id":"https:\/\/www.talca.cl\/#\/schema\/person\/c31d9ea7abe204b22755e0a56740ff00","name":"munidetalca","image":{"@type":"ImageObject","inLanguage":"es","@id":"https:\/\/secure.gravatar.com\/avatar\/608c8c432682469502916a926ca2f23c2de4f57b0e37b22cd0f6a4820efdedf6?s=96&d=mm&r=g","url":"https:\/\/secure.gravatar.com\/avatar\/608c8c432682469502916a926ca2f23c2de4f57b0e37b22cd0f6a4820efdedf6?s=96&d=mm&r=g","contentUrl":"https:\/\/secure.gravatar.com\/avatar\/608c8c432682469502916a926ca2f23c2de4f57b0e37b22cd0f6a4820efdedf6?s=96&d=mm&r=g","caption":"munidetalca"},"url":"https:\/\/www.talca.cl\/?author=1"}]}},"_links":{"self":[{"href":"https:\/\/www.talca.cl\/index.php?rest_route=\/wp\/v2\/posts\/27031","targetHints":{"allow":["GET"]}}],"collection":[{"href":"https:\/\/www.talca.cl\/index.php?rest_route=\/wp\/v2\/posts"}],"about":[{"href":"https:\/\/www.talca.cl\/index.php?rest_route=\/wp\/v2\/types\/post"}],"author":[{"embeddable":true,"href":"https:\/\/www.talca.cl\/index.php?rest_route=\/wp\/v2\/users\/1"}],"replies":[{"embeddable":true,"href":"https:\/\/www.talca.cl\/index.php?rest_route=%2Fwp%2Fv2%2Fcomments&post=27031"}],"version-history":[{"count":1,"href":"https:\/\/www.talca.cl\/index.php?rest_route=\/wp\/v2\/posts\/27031\/revisions"}],"predecessor-version":[{"id":27033,"href":"https:\/\/www.talca.cl\/index.php?rest_route=\/wp\/v2\/posts\/27031\/revisions\/27033"}],"wp:featuredmedia":[{"embeddable":true,"href":"https:\/\/www.talca.cl\/index.php?rest_route=\/wp\/v2\/media\/27032"}],"wp:attachment":[{"href":"https:\/\/www.talca.cl\/index.php?rest_route=%2Fwp%2Fv2%2Fmedia&parent=27031"}],"wp:term":[{"taxonomy":"category","embeddable":true,"href":"https:\/\/www.talca.cl\/index.php?rest_route=%2Fwp%2Fv2%2Fcategories&post=27031"},{"taxonomy":"post_tag","embeddable":true,"href":"https:\/\/www.talca.cl\/index.php?rest_route=%2Fwp%2Fv2%2Ftags&post=27031"}],"curies":[{"name":"wp","href":"https:\/\/api.w.org\/{rel}","templated":true}]}}